{"id":34399,"date":"2025-07-03T11:00:28","date_gmt":"2025-07-03T11:00:28","guid":{"rendered":"https:\/\/cosafe.com\/?p=34399"},"modified":"2025-07-04T10:51:43","modified_gmt":"2025-07-04T10:51:43","slug":"pia-thevselius-ansluter-till-cosafe","status":"publish","type":"post","link":"https:\/\/cosafe.com\/sv\/artikel\/pia-thevselius-ansluter-till-cosafe\/","title":{"rendered":"Pia Thevselius ansluter till Cosafe som s\u00e4kerhetsr\u00e5dgivare"},"content":{"rendered":"<p><span style=\"font-weight: 400;\">Vi \u00e4r v\u00e4ldigt glada att v\u00e4lkomna Pia Thevselius till oss p\u00e5 Cosafe. Hennes fr\u00e4msta uppdrag blir att st\u00f6tta v\u00e5ra kunder med sin expertis som s\u00e4kerhetsr\u00e5dgivare och blir bidra till v\u00e5r fortsatta utveckling av Cosafe.<\/span><\/p>\n<p><span style=\"font-weight: 400;\"><img loading=\"lazy\" loading=\"lazy\" decoding=\"async\" class=\"alignnone wp-image-34401 size-large lazyload\" data-src=\"https:\/\/cosafe.com\/wp-content\/uploads\/2025\/07\/Bild1-738x1024.jpg\" alt=\"Portr\u00e4ttfoto av Pia Thevselius\" width=\"738\" height=\"1024\" data-srcset=\"https:\/\/cosafe.com\/wp-content\/uploads\/2025\/07\/Bild1-738x1024.jpg 738w, https:\/\/cosafe.com\/wp-content\/uploads\/2025\/07\/Bild1-216x300.jpg 216w, https:\/\/cosafe.com\/wp-content\/uploads\/2025\/07\/Bild1-768x1065.jpg 768w, https:\/\/cosafe.com\/wp-content\/uploads\/2025\/07\/Bild1-1108x1536.jpg 1108w, https:\/\/cosafe.com\/wp-content\/uploads\/2025\/07\/Bild1-1477x2048.jpg 1477w, https:\/\/cosafe.com\/wp-content\/uploads\/2025\/07\/Bild1.jpg 1515w\" data-sizes=\"auto, (max-width: 738px) 100vw, 738px\" src=\"data:image\/gif;base64,R0lGODlhAQABAAAAACH5BAEKAAEALAAAAAABAAEAAAICTAEAOw==\" style=\"--smush-placeholder-width: 738px; --smush-placeholder-aspect-ratio: 738\/1024;\" \/><noscript><img loading=\"lazy\" loading=\"lazy\" decoding=\"async\" class=\"alignnone wp-image-34401 size-large\" src=\"https:\/\/cosafe.com\/wp-content\/uploads\/2025\/07\/Bild1-738x1024.jpg\" alt=\"Portr\u00e4ttfoto av Pia Thevselius\" width=\"738\" height=\"1024\" srcset=\"https:\/\/cosafe.com\/wp-content\/uploads\/2025\/07\/Bild1-738x1024.jpg 738w, https:\/\/cosafe.com\/wp-content\/uploads\/2025\/07\/Bild1-216x300.jpg 216w, https:\/\/cosafe.com\/wp-content\/uploads\/2025\/07\/Bild1-768x1065.jpg 768w, https:\/\/cosafe.com\/wp-content\/uploads\/2025\/07\/Bild1-1108x1536.jpg 1108w, https:\/\/cosafe.com\/wp-content\/uploads\/2025\/07\/Bild1-1477x2048.jpg 1477w, https:\/\/cosafe.com\/wp-content\/uploads\/2025\/07\/Bild1.jpg 1515w\" sizes=\"auto, (max-width: 738px) 100vw, 738px\" \/><\/noscript><\/span><\/p>\n<p><span style=\"font-weight: 400;\">Pia har 30 \u00e5rs erfarenhet av s\u00e4kerhetsarbete, varav 28 \u00e5r som polis och avslutade sin tj\u00e4nstg\u00f6ring 2021 f\u00f6r att kunna arbeta mer f\u00f6rebyggande. Under \u00e5ren har Pia inte bara skaffat sig en gedigen f\u00f6rstahandskunskap kring vikten av kommunikation i kris, hon har \u00e4ven en Master of Studies i kriminologi och ledarskap fr\u00e5n <strong>Cambridge University<\/strong>. Dessutom har Pia studerat Counter-Terrorism och Homeland Security vid <strong>University of Maryland<\/strong>, med s\u00e4rskilt fokus p\u00e5 radikalisering och antagonistiska hot.\u00a0<\/span><\/p>\n<p><span style=\"font-weight: 400;\">Pia har \u00e4ven arbetat f\u00f6r FN och EU i h\u00f6griskmilj\u00f6er, senast som sekonderad fr\u00e5n <\/span><a href=\"https:\/\/www.msb.se\/\"><span style=\"font-weight: 400;\">Myndigheten f\u00f6r samh\u00e4llsskydd och beredskap<\/span><\/a><span style=\"font-weight: 400;\"> (MSB) i Israel\/Palestina. Dessutom ing\u00e5r hon i MSBs resurspool f\u00f6r s\u00e4kerhetsarbete internationellt d\u00e4r Sverige bidrar med personal.\u00a0<\/span><span style=\"font-weight: 400;\">Pia \u00e4r \u00e4ven en uppskattad utbildare inom PDV (P\u00e5g\u00e5ende D\u00f6dligt V\u00e5ld) och HEAT (Hostile Environment Awareness Training). <\/span><\/p>\n<p><span style=\"font-weight: 400;\">Med sin samlade kompetens kommer Pia att kunna erbjuda Cosafes kunder st\u00f6d i det kontinuerliga s\u00e4kerhetsarbetet inom n\u00e4ringsliv och skola.\u00a0<\/span><\/p>\n<p><span style=\"font-weight: 400;\">Den nya lagstiftningen om <\/span><a href=\"https:\/\/www.regeringen.se\/pressmeddelanden\/2025\/06\/ny-lagstiftning-och-andrade-laroplaner-for-starkt-skolsakerhet\/\"><span style=\"font-weight: 400;\">\u00f6kad s\u00e4kerhet i skolan tr\u00e4dde i kraft den 1 juli 2025<\/span><\/a><span style=\"font-weight: 400;\">. Lagen kr\u00e4ver att alla f\u00f6rskolor och skolor har en beredskapsplan och ett l\u00f6pande beredskapsarbete f\u00f6r att hantera allvarliga v\u00e5ldssituationer. Vi p\u00e5 Cosafe kommer att finnas till hands f\u00f6r att hj\u00e4lpa skolor att uppfylla de nya kraven och st\u00e4rka sitt f\u00f6rebyggande arbete.<\/span><\/p>\n<p><span style=\"font-weight: 400;\">Pia sj\u00e4lv s\u00e4ger s\u00e5 h\u00e4r: \u201dDet g\u00e4ller att tr\u00e4na f\u00f6r att vara s\u00e5 bra f\u00f6rberedd som m\u00f6jligt, det \u00e4r n\u00e5got jag verkligen brinner f\u00f6r. Vid en PDV-h\u00e4ndelse r\u00e4knar vi sekunder. Med Cosafe kan anv\u00e4ndarna omedelbart dela vad de ser eller h\u00f6r och skapa en l\u00e4gesbild som m\u00f6jligg\u00f6r kloka beslut i en kritisk stund.\u201d<\/span><\/p>\n<p><span style=\"font-weight: 400;\">V\u00e5r vd p\u00e5 Cosafe, <strong>Alexis Nicou<\/strong>, l\u00e4gger till: \u201dVi \u00e4r sj\u00e4lvklart mycket glada \u00f6ver att f\u00e5 ytterligare ett s\u00e4kerhetsproffs i organisationen. Pias erfarenhet \u00e4r mycket v\u00e4rdefull f\u00f6r v\u00e5ra kunder och f\u00f6r v\u00e5r produktutveckling. Vi ser fram emot att v\u00e4lkomna henne till Cosafe och kunna erbjuda v\u00e5ra kunder hennes expertis.\u201d<\/span><\/p>\n","protected":false},"excerpt":{"rendered":"<p>Vi \u00e4r v\u00e4ldigt glada att v\u00e4lkomna Pia Thevselius till oss p\u00e5 Cosafe. Hennes fr\u00e4msta uppdrag blir att st\u00f6tta v\u00e5ra kunder med sin expertis som s\u00e4kerhetsr\u00e5dgivare och blir bidra till v\u00e5r fortsatta utveckling av Cosafe. Pia har 30 \u00e5rs erfarenhet av s\u00e4kerhetsarbete, varav 28 \u00e5r som polis och avslutade sin tj\u00e4nstg\u00f6ring 2021 f\u00f6r att kunna arbeta [&hellip;]<\/p>\n","protected":false},"author":32,"featured_media":34411,"comment_status":"closed","ping_status":"open","sticky":false,"template":"","format":"standard","meta":{"_acf_changed":false,"content-type":"","site-sidebar-layout":"default","site-content-layout":"","ast-site-content-layout":"default","site-content-style":"default","site-sidebar-style":"default","ast-global-header-display":"","ast-banner-title-visibility":"","ast-main-header-display":"","ast-hfb-above-header-display":"","ast-hfb-below-header-display":"","ast-hfb-mobile-header-display":"","site-post-title":"","ast-breadcrumbs-content":"","ast-featured-img":"","footer-sml-layout":"","theme-transparent-header-meta":"default","adv-header-id-meta":"","stick-header-meta":"default","header-above-stick-meta":"","header-main-stick-meta":"","header-below-stick-meta":"","astra-migrate-meta-layouts":"set","ast-page-background-enabled":"default","ast-page-background-meta":{"desktop":{"background-color":"var(--ast-global-color-4)","background-image":"","background-repeat":"repeat","background-position":"center center","background-size":"auto","background-attachment":"scroll","background-type":"","background-media":"","overlay-type":"","overlay-color":"","overlay-opacity":"","overlay-gradient":""},"tablet":{"background-color":"","background-image":"","background-repeat":"repeat","background-position":"center center","background-size":"auto","background-attachment":"scroll","background-type":"","background-media":"","overlay-type":"","overlay-color":"","overlay-opacity":"","overlay-gradient":""},"mobile":{"background-color":"","background-image":"","background-repeat":"repeat","background-position":"center center","background-size":"auto","background-attachment":"scroll","background-type":"","background-media":"","overlay-type":"","overlay-color":"","overlay-opacity":"","overlay-gradient":""}},"ast-content-background-meta":{"desktop":{"background-color":"var(--ast-global-color-5)","background-image":"","background-repeat":"repeat","background-position":"center center","background-size":"auto","background-attachment":"scroll","background-type":"","background-media":"","overlay-type":"","overlay-color":"","overlay-opacity":"","overlay-gradient":""},"tablet":{"background-color":"var(--ast-global-color-5)","background-image":"","background-repeat":"repeat","background-position":"center center","background-size":"auto","background-attachment":"scroll","background-type":"","background-media":"","overlay-type":"","overlay-color":"","overlay-opacity":"","overlay-gradient":""},"mobile":{"background-color":"var(--ast-global-color-5)","background-image":"","background-repeat":"repeat","background-position":"center center","background-size":"auto","background-attachment":"scroll","background-type":"","background-media":"","overlay-type":"","overlay-color":"","overlay-opacity":"","overlay-gradient":""}},"footnotes":""},"categories":[261],"tags":[],"class_list":["post-34399","post","type-post","status-publish","format-standard","has-post-thumbnail","hentry","category-artikel"],"acf":[],"yoast_head":"<!-- This site is optimized with the Yoast SEO plugin v27.5 - https:\/\/yoast.com\/product\/yoast-seo-wordpress\/ -->\n<title>Pia Thevselius ansluter till Cosafe som s\u00e4kerhetsr\u00e5dgivare | Cosafe<\/title>\n<meta name=\"description\" content=\"Cosafe v\u00e4lkomnar experten Pia Thevselius som s\u00e4kerhetsr\u00e5dgivare f\u00f6r att st\u00e4rka kunders krisberedskap och utveckla v\u00e5r helhetsl\u00f6sning.\" \/>\n<meta name=\"robots\" content=\"index, follow, max-snippet:-1, max-image-preview:large, max-video-preview:-1\" \/>\n<link rel=\"canonical\" href=\"https:\/\/cosafe.com\/sv\/artikel\/pia-thevselius-ansluter-till-cosafe\/\" \/>\n<meta property=\"og:locale\" content=\"sv_SE\" \/>\n<meta property=\"og:type\" content=\"article\" \/>\n<meta property=\"og:title\" content=\"Pia Thevselius ansluter till Cosafe som s\u00e4kerhetsr\u00e5dgivare | Cosafe\" \/>\n<meta property=\"og:description\" content=\"Cosafe v\u00e4lkomnar experten Pia Thevselius som s\u00e4kerhetsr\u00e5dgivare f\u00f6r att st\u00e4rka kunders krisberedskap och utveckla v\u00e5r helhetsl\u00f6sning.\" \/>\n<meta property=\"og:url\" content=\"https:\/\/cosafe.com\/sv\/artikel\/pia-thevselius-ansluter-till-cosafe\/\" \/>\n<meta property=\"og:site_name\" content=\"Cosafe\" \/>\n<meta property=\"article:publisher\" content=\"https:\/\/www.facebook.com\/cosafe.technology\/\" \/>\n<meta property=\"article:published_time\" content=\"2025-07-03T11:00:28+00:00\" \/>\n<meta property=\"article:modified_time\" content=\"2025-07-04T10:51:43+00:00\" \/>\n<meta property=\"og:image\" content=\"https:\/\/cosafe.com\/wp-content\/uploads\/2025\/07\/pia-thevselius.jpg\" \/>\n\t<meta property=\"og:image:width\" content=\"1536\" \/>\n\t<meta property=\"og:image:height\" content=\"861\" \/>\n\t<meta property=\"og:image:type\" content=\"image\/jpeg\" \/>\n<meta name=\"author\" content=\"Jonas Strandell\" \/>\n<meta name=\"twitter:card\" content=\"summary_large_image\" \/>\n<meta name=\"twitter:label1\" content=\"Skriven av\" \/>\n\t<meta name=\"twitter:data1\" content=\"Jonas Strandell\" \/>\n\t<meta name=\"twitter:label2\" content=\"Ber\u00e4knad l\u00e4stid\" \/>\n\t<meta name=\"twitter:data2\" content=\"2 minuter\" \/>\n<script type=\"application\/ld+json\" class=\"yoast-schema-graph\">{\"@context\":\"https:\\\/\\\/schema.org\",\"@graph\":[{\"@type\":\"Article\",\"@id\":\"https:\\\/\\\/cosafe.com\\\/sv\\\/artikel\\\/pia-thevselius-ansluter-till-cosafe\\\/#article\",\"isPartOf\":{\"@id\":\"https:\\\/\\\/cosafe.com\\\/sv\\\/artikel\\\/pia-thevselius-ansluter-till-cosafe\\\/\"},\"author\":{\"name\":\"Jonas Strandell\",\"@id\":\"https:\\\/\\\/cosafe.com\\\/sv\\\/#\\\/schema\\\/person\\\/63ac7e903bc3920c8845ecec881d8460\"},\"headline\":\"Pia Thevselius ansluter till Cosafe som s\u00e4kerhetsr\u00e5dgivare\",\"datePublished\":\"2025-07-03T11:00:28+00:00\",\"dateModified\":\"2025-07-04T10:51:43+00:00\",\"mainEntityOfPage\":{\"@id\":\"https:\\\/\\\/cosafe.com\\\/sv\\\/artikel\\\/pia-thevselius-ansluter-till-cosafe\\\/\"},\"wordCount\":416,\"publisher\":{\"@id\":\"https:\\\/\\\/cosafe.com\\\/sv\\\/#organization\"},\"image\":{\"@id\":\"https:\\\/\\\/cosafe.com\\\/sv\\\/artikel\\\/pia-thevselius-ansluter-till-cosafe\\\/#primaryimage\"},\"thumbnailUrl\":\"https:\\\/\\\/cosafe.com\\\/wp-content\\\/uploads\\\/2025\\\/07\\\/pia-thevselius.jpg\",\"articleSection\":[\"Artiklar\"],\"inLanguage\":\"sv-SE\"},{\"@type\":\"WebPage\",\"@id\":\"https:\\\/\\\/cosafe.com\\\/sv\\\/artikel\\\/pia-thevselius-ansluter-till-cosafe\\\/\",\"url\":\"https:\\\/\\\/cosafe.com\\\/sv\\\/artikel\\\/pia-thevselius-ansluter-till-cosafe\\\/\",\"name\":\"Pia Thevselius ansluter till Cosafe som s\u00e4kerhetsr\u00e5dgivare | Cosafe\",\"isPartOf\":{\"@id\":\"https:\\\/\\\/cosafe.com\\\/sv\\\/#website\"},\"primaryImageOfPage\":{\"@id\":\"https:\\\/\\\/cosafe.com\\\/sv\\\/artikel\\\/pia-thevselius-ansluter-till-cosafe\\\/#primaryimage\"},\"image\":{\"@id\":\"https:\\\/\\\/cosafe.com\\\/sv\\\/artikel\\\/pia-thevselius-ansluter-till-cosafe\\\/#primaryimage\"},\"thumbnailUrl\":\"https:\\\/\\\/cosafe.com\\\/wp-content\\\/uploads\\\/2025\\\/07\\\/pia-thevselius.jpg\",\"datePublished\":\"2025-07-03T11:00:28+00:00\",\"dateModified\":\"2025-07-04T10:51:43+00:00\",\"description\":\"Cosafe v\u00e4lkomnar experten Pia Thevselius som s\u00e4kerhetsr\u00e5dgivare f\u00f6r att st\u00e4rka kunders krisberedskap och utveckla v\u00e5r helhetsl\u00f6sning.\",\"breadcrumb\":{\"@id\":\"https:\\\/\\\/cosafe.com\\\/sv\\\/artikel\\\/pia-thevselius-ansluter-till-cosafe\\\/#breadcrumb\"},\"inLanguage\":\"sv-SE\",\"potentialAction\":[{\"@type\":\"ReadAction\",\"target\":[\"https:\\\/\\\/cosafe.com\\\/sv\\\/artikel\\\/pia-thevselius-ansluter-till-cosafe\\\/\"]}]},{\"@type\":\"ImageObject\",\"inLanguage\":\"sv-SE\",\"@id\":\"https:\\\/\\\/cosafe.com\\\/sv\\\/artikel\\\/pia-thevselius-ansluter-till-cosafe\\\/#primaryimage\",\"url\":\"https:\\\/\\\/cosafe.com\\\/wp-content\\\/uploads\\\/2025\\\/07\\\/pia-thevselius.jpg\",\"contentUrl\":\"https:\\\/\\\/cosafe.com\\\/wp-content\\\/uploads\\\/2025\\\/07\\\/pia-thevselius.jpg\",\"width\":1536,\"height\":861,\"caption\":\"Portr\u00e4tt av Pia Thevselius\"},{\"@type\":\"BreadcrumbList\",\"@id\":\"https:\\\/\\\/cosafe.com\\\/sv\\\/artikel\\\/pia-thevselius-ansluter-till-cosafe\\\/#breadcrumb\",\"itemListElement\":[{\"@type\":\"ListItem\",\"position\":1,\"name\":\"Home\",\"item\":\"https:\\\/\\\/cosafe.com\\\/sv\\\/\"},{\"@type\":\"ListItem\",\"position\":2,\"name\":\"Pia Thevselius ansluter till Cosafe som s\u00e4kerhetsr\u00e5dgivare\"}]},{\"@type\":\"WebSite\",\"@id\":\"https:\\\/\\\/cosafe.com\\\/sv\\\/#website\",\"url\":\"https:\\\/\\\/cosafe.com\\\/sv\\\/\",\"name\":\"Cosafe\",\"description\":\"Alarms, Incident Management &amp; Smart Communication\",\"publisher\":{\"@id\":\"https:\\\/\\\/cosafe.com\\\/sv\\\/#organization\"},\"potentialAction\":[{\"@type\":\"SearchAction\",\"target\":{\"@type\":\"EntryPoint\",\"urlTemplate\":\"https:\\\/\\\/cosafe.com\\\/sv\\\/?s={search_term_string}\"},\"query-input\":{\"@type\":\"PropertyValueSpecification\",\"valueRequired\":true,\"valueName\":\"search_term_string\"}}],\"inLanguage\":\"sv-SE\"},{\"@type\":\"Organization\",\"@id\":\"https:\\\/\\\/cosafe.com\\\/sv\\\/#organization\",\"name\":\"Cosafe\",\"url\":\"https:\\\/\\\/cosafe.com\\\/sv\\\/\",\"logo\":{\"@type\":\"ImageObject\",\"inLanguage\":\"sv-SE\",\"@id\":\"https:\\\/\\\/cosafe.com\\\/sv\\\/#\\\/schema\\\/logo\\\/image\\\/\",\"url\":\"https:\\\/\\\/cosafe.com\\\/wp-content\\\/uploads\\\/2021\\\/10\\\/cosafe-admin-logo2.png\",\"contentUrl\":\"https:\\\/\\\/cosafe.com\\\/wp-content\\\/uploads\\\/2021\\\/10\\\/cosafe-admin-logo2.png\",\"width\":250,\"height\":61,\"caption\":\"Cosafe\"},\"image\":{\"@id\":\"https:\\\/\\\/cosafe.com\\\/sv\\\/#\\\/schema\\\/logo\\\/image\\\/\"},\"sameAs\":[\"https:\\\/\\\/www.facebook.com\\\/cosafe.technology\\\/\",\"https:\\\/\\\/se.linkedin.com\\\/company\\\/cosafe\"]},{\"@type\":\"Person\",\"@id\":\"https:\\\/\\\/cosafe.com\\\/sv\\\/#\\\/schema\\\/person\\\/63ac7e903bc3920c8845ecec881d8460\",\"name\":\"Jonas Strandell\",\"image\":{\"@type\":\"ImageObject\",\"inLanguage\":\"sv-SE\",\"@id\":\"https:\\\/\\\/secure.gravatar.com\\\/avatar\\\/21f93a99dc41c80417f2dd694560bb3fe6f5db4ab864ee66203e9823fb110949?s=96&d=mm&r=g\",\"url\":\"https:\\\/\\\/secure.gravatar.com\\\/avatar\\\/21f93a99dc41c80417f2dd694560bb3fe6f5db4ab864ee66203e9823fb110949?s=96&d=mm&r=g\",\"contentUrl\":\"https:\\\/\\\/secure.gravatar.com\\\/avatar\\\/21f93a99dc41c80417f2dd694560bb3fe6f5db4ab864ee66203e9823fb110949?s=96&d=mm&r=g\",\"caption\":\"Jonas Strandell\"},\"url\":\"https:\\\/\\\/cosafe.com\\\/sv\\\/author\\\/jonass\\\/\"}]}<\/script>\n<!-- \/ Yoast SEO plugin. -->","yoast_head_json":{"title":"Pia Thevselius ansluter till Cosafe som s\u00e4kerhetsr\u00e5dgivare | Cosafe","description":"Cosafe v\u00e4lkomnar experten Pia Thevselius som s\u00e4kerhetsr\u00e5dgivare f\u00f6r att st\u00e4rka kunders krisberedskap och utveckla v\u00e5r helhetsl\u00f6sning.","robots":{"index":"index","follow":"follow","max-snippet":"max-snippet:-1","max-image-preview":"max-image-preview:large","max-video-preview":"max-video-preview:-1"},"canonical":"https:\/\/cosafe.com\/sv\/artikel\/pia-thevselius-ansluter-till-cosafe\/","og_locale":"sv_SE","og_type":"article","og_title":"Pia Thevselius ansluter till Cosafe som s\u00e4kerhetsr\u00e5dgivare | Cosafe","og_description":"Cosafe v\u00e4lkomnar experten Pia Thevselius som s\u00e4kerhetsr\u00e5dgivare f\u00f6r att st\u00e4rka kunders krisberedskap och utveckla v\u00e5r helhetsl\u00f6sning.","og_url":"https:\/\/cosafe.com\/sv\/artikel\/pia-thevselius-ansluter-till-cosafe\/","og_site_name":"Cosafe","article_publisher":"https:\/\/www.facebook.com\/cosafe.technology\/","article_published_time":"2025-07-03T11:00:28+00:00","article_modified_time":"2025-07-04T10:51:43+00:00","og_image":[{"width":1536,"height":861,"url":"https:\/\/cosafe.com\/wp-content\/uploads\/2025\/07\/pia-thevselius.jpg","type":"image\/jpeg"}],"author":"Jonas Strandell","twitter_card":"summary_large_image","twitter_misc":{"Skriven av":"Jonas Strandell","Ber\u00e4knad l\u00e4stid":"2 minuter"},"schema":{"@context":"https:\/\/schema.org","@graph":[{"@type":"Article","@id":"https:\/\/cosafe.com\/sv\/artikel\/pia-thevselius-ansluter-till-cosafe\/#article","isPartOf":{"@id":"https:\/\/cosafe.com\/sv\/artikel\/pia-thevselius-ansluter-till-cosafe\/"},"author":{"name":"Jonas Strandell","@id":"https:\/\/cosafe.com\/sv\/#\/schema\/person\/63ac7e903bc3920c8845ecec881d8460"},"headline":"Pia Thevselius ansluter till Cosafe som s\u00e4kerhetsr\u00e5dgivare","datePublished":"2025-07-03T11:00:28+00:00","dateModified":"2025-07-04T10:51:43+00:00","mainEntityOfPage":{"@id":"https:\/\/cosafe.com\/sv\/artikel\/pia-thevselius-ansluter-till-cosafe\/"},"wordCount":416,"publisher":{"@id":"https:\/\/cosafe.com\/sv\/#organization"},"image":{"@id":"https:\/\/cosafe.com\/sv\/artikel\/pia-thevselius-ansluter-till-cosafe\/#primaryimage"},"thumbnailUrl":"https:\/\/cosafe.com\/wp-content\/uploads\/2025\/07\/pia-thevselius.jpg","articleSection":["Artiklar"],"inLanguage":"sv-SE"},{"@type":"WebPage","@id":"https:\/\/cosafe.com\/sv\/artikel\/pia-thevselius-ansluter-till-cosafe\/","url":"https:\/\/cosafe.com\/sv\/artikel\/pia-thevselius-ansluter-till-cosafe\/","name":"Pia Thevselius ansluter till Cosafe som s\u00e4kerhetsr\u00e5dgivare | Cosafe","isPartOf":{"@id":"https:\/\/cosafe.com\/sv\/#website"},"primaryImageOfPage":{"@id":"https:\/\/cosafe.com\/sv\/artikel\/pia-thevselius-ansluter-till-cosafe\/#primaryimage"},"image":{"@id":"https:\/\/cosafe.com\/sv\/artikel\/pia-thevselius-ansluter-till-cosafe\/#primaryimage"},"thumbnailUrl":"https:\/\/cosafe.com\/wp-content\/uploads\/2025\/07\/pia-thevselius.jpg","datePublished":"2025-07-03T11:00:28+00:00","dateModified":"2025-07-04T10:51:43+00:00","description":"Cosafe v\u00e4lkomnar experten Pia Thevselius som s\u00e4kerhetsr\u00e5dgivare f\u00f6r att st\u00e4rka kunders krisberedskap och utveckla v\u00e5r helhetsl\u00f6sning.","breadcrumb":{"@id":"https:\/\/cosafe.com\/sv\/artikel\/pia-thevselius-ansluter-till-cosafe\/#breadcrumb"},"inLanguage":"sv-SE","potentialAction":[{"@type":"ReadAction","target":["https:\/\/cosafe.com\/sv\/artikel\/pia-thevselius-ansluter-till-cosafe\/"]}]},{"@type":"ImageObject","inLanguage":"sv-SE","@id":"https:\/\/cosafe.com\/sv\/artikel\/pia-thevselius-ansluter-till-cosafe\/#primaryimage","url":"https:\/\/cosafe.com\/wp-content\/uploads\/2025\/07\/pia-thevselius.jpg","contentUrl":"https:\/\/cosafe.com\/wp-content\/uploads\/2025\/07\/pia-thevselius.jpg","width":1536,"height":861,"caption":"Portr\u00e4tt av Pia Thevselius"},{"@type":"BreadcrumbList","@id":"https:\/\/cosafe.com\/sv\/artikel\/pia-thevselius-ansluter-till-cosafe\/#breadcrumb","itemListElement":[{"@type":"ListItem","position":1,"name":"Home","item":"https:\/\/cosafe.com\/sv\/"},{"@type":"ListItem","position":2,"name":"Pia Thevselius ansluter till Cosafe som s\u00e4kerhetsr\u00e5dgivare"}]},{"@type":"WebSite","@id":"https:\/\/cosafe.com\/sv\/#website","url":"https:\/\/cosafe.com\/sv\/","name":"Cosafe","description":"Alarms, Incident Management &amp; Smart Communication","publisher":{"@id":"https:\/\/cosafe.com\/sv\/#organization"},"potentialAction":[{"@type":"SearchAction","target":{"@type":"EntryPoint","urlTemplate":"https:\/\/cosafe.com\/sv\/?s={search_term_string}"},"query-input":{"@type":"PropertyValueSpecification","valueRequired":true,"valueName":"search_term_string"}}],"inLanguage":"sv-SE"},{"@type":"Organization","@id":"https:\/\/cosafe.com\/sv\/#organization","name":"Cosafe","url":"https:\/\/cosafe.com\/sv\/","logo":{"@type":"ImageObject","inLanguage":"sv-SE","@id":"https:\/\/cosafe.com\/sv\/#\/schema\/logo\/image\/","url":"https:\/\/cosafe.com\/wp-content\/uploads\/2021\/10\/cosafe-admin-logo2.png","contentUrl":"https:\/\/cosafe.com\/wp-content\/uploads\/2021\/10\/cosafe-admin-logo2.png","width":250,"height":61,"caption":"Cosafe"},"image":{"@id":"https:\/\/cosafe.com\/sv\/#\/schema\/logo\/image\/"},"sameAs":["https:\/\/www.facebook.com\/cosafe.technology\/","https:\/\/se.linkedin.com\/company\/cosafe"]},{"@type":"Person","@id":"https:\/\/cosafe.com\/sv\/#\/schema\/person\/63ac7e903bc3920c8845ecec881d8460","name":"Jonas Strandell","image":{"@type":"ImageObject","inLanguage":"sv-SE","@id":"https:\/\/secure.gravatar.com\/avatar\/21f93a99dc41c80417f2dd694560bb3fe6f5db4ab864ee66203e9823fb110949?s=96&d=mm&r=g","url":"https:\/\/secure.gravatar.com\/avatar\/21f93a99dc41c80417f2dd694560bb3fe6f5db4ab864ee66203e9823fb110949?s=96&d=mm&r=g","contentUrl":"https:\/\/secure.gravatar.com\/avatar\/21f93a99dc41c80417f2dd694560bb3fe6f5db4ab864ee66203e9823fb110949?s=96&d=mm&r=g","caption":"Jonas Strandell"},"url":"https:\/\/cosafe.com\/sv\/author\/jonass\/"}]}},"_links":{"self":[{"href":"https:\/\/cosafe.com\/sv\/wp-json\/wp\/v2\/posts\/34399","targetHints":{"allow":["GET"]}}],"collection":[{"href":"https:\/\/cosafe.com\/sv\/wp-json\/wp\/v2\/posts"}],"about":[{"href":"https:\/\/cosafe.com\/sv\/wp-json\/wp\/v2\/types\/post"}],"author":[{"embeddable":true,"href":"https:\/\/cosafe.com\/sv\/wp-json\/wp\/v2\/users\/32"}],"replies":[{"embeddable":true,"href":"https:\/\/cosafe.com\/sv\/wp-json\/wp\/v2\/comments?post=34399"}],"version-history":[{"count":0,"href":"https:\/\/cosafe.com\/sv\/wp-json\/wp\/v2\/posts\/34399\/revisions"}],"wp:featuredmedia":[{"embeddable":true,"href":"https:\/\/cosafe.com\/sv\/wp-json\/wp\/v2\/media\/34411"}],"wp:attachment":[{"href":"https:\/\/cosafe.com\/sv\/wp-json\/wp\/v2\/media?parent=34399"}],"wp:term":[{"taxonomy":"category","embeddable":true,"href":"https:\/\/cosafe.com\/sv\/wp-json\/wp\/v2\/categories?post=34399"},{"taxonomy":"post_tag","embeddable":true,"href":"https:\/\/cosafe.com\/sv\/wp-json\/wp\/v2\/tags?post=34399"}],"curies":[{"name":"wp","href":"https:\/\/api.w.org\/{rel}","templated":true}]}}